{"id":4999,"date":"2020-07-21T08:10:50","date_gmt":"2020-07-21T07:10:50","guid":{"rendered":"https:\/\/frizonia.com\/?p=4999"},"modified":"2025-12-30T08:37:52","modified_gmt":"2025-12-30T07:37:52","slug":"new-board-of-directors-in-cadiz-naval-maritime-cluster","status":"publish","type":"post","link":"https:\/\/frizonia.com\/en\/new-board-of-directors-in-cadiz-naval-maritime-cluster\/","title":{"rendered":"New board of directors in CADIZ NAVAL MARITIME CLUSTER"},"content":{"rendered":"\n<p>Jos\u00e9 Luis Garc\u00eda Zaragoza P\u00e9rez is the new president of C\u00e1diz naval maritime cluster replacing Diego Chaves, after taking possession in the electoral assembly of this organization, held at the headquarters of the Confederation of Entrepreneurs of the province of C\u00e1diz.<\/p>\n\n\n\n<p>Jos\u00e9 Luis Garc\u00eda Zaragoza will be accompanied on its Board of Directors by the following team: Vice President, Jes\u00fas Rodr\u00edguez (Surcontrol); secretary, Javier Gamundi (Frizonia); treasurer, Ra\u00fal Quintana Raso (Elecam); Members: Javier Herrador del R\u00edo (Navantia), Sonia Chaves Fornell (Federation of Metal Entrepreneurs of the Province of C\u00e1diz), Antonio Fern\u00e1ndez Jove (Grupo Fern\u00e1ndez Jove) and Jacob Jim\u00e9nez Garrido (Official College of Industrial Technical Engineers of C\u00e1diz).<\/p>\n\n\n\n<figure class=\"wp-block-image size-large\"><img fetchpriority=\"high\" decoding=\"async\" width=\"727\" height=\"366\" src=\"https:\/\/frizonia.com\/wp-content\/uploads\/2020\/07\/olfbgglolodijfep-1.jpg\" alt=\"\" class=\"wp-image-5001\" srcset=\"https:\/\/frizonia.com\/wp-content\/uploads\/2020\/07\/olfbgglolodijfep-1.jpg 727w, https:\/\/frizonia.com\/wp-content\/uploads\/2020\/07\/olfbgglolodijfep-1-300x151.jpg 300w\" sizes=\"(max-width: 727px) 100vw, 727px\" \/><\/figure>\n\n\n\n<p>More information: <a href=\"http:\/\/www.clusternavalcadiz.es\/jose-luis-garcia-zaragoza-nuevo-presidente-del-cluster-maritimo-naval-de-cadiz\/\" target=\"_blank\" rel=\"noopener\">http:\/\/www.clusternavalcadiz.es\/jose-luis-garcia-zaragoza-nuevo-presidente-del-cluster-maritimo-naval-de-cadiz\/<\/a><\/p>\n","protected":false},"excerpt":{"rendered":"<p>Jos\u00e9 Luis Garc\u00eda Zaragoza P\u00e9rez is the new president of C\u00e1diz naval maritime cluster replacing Diego Chaves, after taking possession in the electoral assembly of this organization, held at the headquarters of the Confederation of Entrepreneurs of the province of C\u00e1diz. Jos\u00e9 Luis Garc\u00eda Zaragoza will be accompanied on its Board of Directors by the [&hellip;]<\/p>\n","protected":false},"author":1,"featured_media":5001,"comment_status":"closed","ping_status":"closed","sticky":false,"template":"","format":"standard","meta":{"_acf_changed":false,"_uag_custom_page_level_css":"","footnotes":""},"categories":[2667],"tags":[],"class_list":["post-4999","post","type-post","status-publish","format-standard","has-post-thumbnail","hentry","category-news-en"],"acf":[],"uagb_featured_image_src":{"full":["https:\/\/frizonia.com\/wp-content\/uploads\/2020\/07\/olfbgglolodijfep-1.jpg",727,366,false],"thumbnail":["https:\/\/frizonia.com\/wp-content\/uploads\/2020\/07\/olfbgglolodijfep-1-150x150.jpg",150,150,true],"medium":["https:\/\/frizonia.com\/wp-content\/uploads\/2020\/07\/olfbgglolodijfep-1-300x151.jpg",300,151,true],"medium_large":["https:\/\/frizonia.com\/wp-content\/uploads\/2020\/07\/olfbgglolodijfep-1.jpg",727,366,false],"large":["https:\/\/frizonia.com\/wp-content\/uploads\/2020\/07\/olfbgglolodijfep-1.jpg",727,366,false],"1536x1536":["https:\/\/frizonia.com\/wp-content\/uploads\/2020\/07\/olfbgglolodijfep-1.jpg",727,366,false],"2048x2048":["https:\/\/frizonia.com\/wp-content\/uploads\/2020\/07\/olfbgglolodijfep-1.jpg",727,366,false]},"uagb_author_info":{"display_name":"frizonia","author_link":"https:\/\/frizonia.com\/en\/author\/frizonia\/"},"uagb_comment_info":0,"uagb_excerpt":"Jos\u00e9 Luis Garc\u00eda Zaragoza P\u00e9rez is the new president of C\u00e1diz naval maritime cluster replacing Diego Chaves, after taking possession in the electoral assembly of this organization, held at the headquarters of the Confederation of Entrepreneurs of the province of C\u00e1diz. Jos\u00e9 Luis Garc\u00eda Zaragoza will be accompanied on its Board of Directors by the&hellip;","_links":{"self":[{"href":"https:\/\/frizonia.com\/en\/wp-json\/wp\/v2\/posts\/4999","targetHints":{"allow":["GET"]}}],"collection":[{"href":"https:\/\/frizonia.com\/en\/wp-json\/wp\/v2\/posts"}],"about":[{"href":"https:\/\/frizonia.com\/en\/wp-json\/wp\/v2\/types\/post"}],"author":[{"embeddable":true,"href":"https:\/\/frizonia.com\/en\/wp-json\/wp\/v2\/users\/1"}],"replies":[{"embeddable":true,"href":"https:\/\/frizonia.com\/en\/wp-json\/wp\/v2\/comments?post=4999"}],"version-history":[{"count":1,"href":"https:\/\/frizonia.com\/en\/wp-json\/wp\/v2\/posts\/4999\/revisions"}],"predecessor-version":[{"id":17689,"href":"https:\/\/frizonia.com\/en\/wp-json\/wp\/v2\/posts\/4999\/revisions\/17689"}],"wp:featuredmedia":[{"embeddable":true,"href":"https:\/\/frizonia.com\/en\/wp-json\/wp\/v2\/media\/5001"}],"wp:attachment":[{"href":"https:\/\/frizonia.com\/en\/wp-json\/wp\/v2\/media?parent=4999"}],"wp:term":[{"taxonomy":"category","embeddable":true,"href":"https:\/\/frizonia.com\/en\/wp-json\/wp\/v2\/categories?post=4999"},{"taxonomy":"post_tag","embeddable":true,"href":"https:\/\/frizonia.com\/en\/wp-json\/wp\/v2\/tags?post=4999"}],"curies":[{"name":"wp","href":"https:\/\/api.w.org\/{rel}","templated":true}]}}